{"id":5534,"date":"2023-12-23T08:54:30","date_gmt":"2023-12-23T07:54:30","guid":{"rendered":"https:\/\/www.zutanobazar.fr\/?p=5534"},"modified":"2026-04-26T09:41:02","modified_gmt":"2026-04-26T07:41:02","slug":"a-coeur","status":"publish","type":"post","link":"https:\/\/www.zutanobazar.fr\/en\/a-coeur\/","title":{"rendered":"[A COEUR] &#8211; reprise en 26\/27 en Sarthe !"},"content":{"rendered":"<div data-elementor-type=\"wp-post\" data-elementor-id=\"5534\" class=\"elementor elementor-5534\">\n\t\t\t\t\t\t\t\t\t<section class=\"elementor-section elementor-top-section elementor-element elementor-element-ecbb507 elementor-section-boxed elementor-section-height-default elementor-section-height-default\" data-id=\"ecbb507\" data-element_type=\"section\">\n\t\t\t\t\t\t<div class=\"elementor-container elementor-column-gap-default\">\n\t\t\t\t\t<div class=\"elementor-column elementor-col-100 elementor-top-column elementor-element elementor-element-ee0aa1e\" data-id=\"ee0aa1e\" data-element_type=\"column\">\n\t\t\t<div class=\"elementor-widget-wrap elementor-element-populated\">\n\t\t\t\t\t\t\t\t<div class=\"elementor-element elementor-element-e261923 elementor-widget elementor-widget-video\" data-id=\"e261923\" data-element_type=\"widget\" data-settings=\"{&quot;video_type&quot;:&quot;vimeo&quot;}\" data-widget_type=\"video.default\">\n\t\t\t\t<div class=\"elementor-widget-container\">\n\t\t\t\t\t<div class=\"elementor-wrapper elementor-open-inline\">\n\t\t\t<iframe class=\"elementor-video-iframe\" allowfullscreen title=\"vimeo Video Player\" src=\"https:\/\/player.vimeo.com\/video\/1067302765?color&amp;autopause=0&amp;loop=0&amp;muted=0&amp;title=1&amp;portrait=1&amp;byline=1#t=\"><\/iframe>\t\t<\/div>\n\t\t\t\t<\/div>\n\t\t\t\t<\/div>\n\t\t\t\t\t<\/div>\n\t\t<\/div>\n\t\t\t\t\t\t\t<\/div>\n\t\t<\/section>\n\t\t\t\t<section class=\"elementor-section elementor-top-section elementor-element elementor-element-786ec75 elementor-section-boxed elementor-section-height-default elementor-section-height-default\" data-id=\"786ec75\" data-element_type=\"section\">\n\t\t\t\t\t\t<div class=\"elementor-container elementor-column-gap-default\">\n\t\t\t\t\t<div class=\"elementor-column elementor-col-100 elementor-top-column elementor-element elementor-element-e839b89\" data-id=\"e839b89\" data-element_type=\"column\">\n\t\t\t<div class=\"elementor-widget-wrap elementor-element-populated\">\n\t\t\t\t\t\t\t\t<div class=\"elementor-element elementor-element-e5b51ea elementor-widget elementor-widget-text-editor\" data-id=\"e5b51ea\" data-element_type=\"widget\" data-widget_type=\"text-editor.default\">\n\t\t\t\t<div class=\"elementor-widget-container\">\n\t\t\t\t\t\t\t<p><strong>Le Projet \u00ab\u00a0Ballismos\u00a0\u00bb<\/strong><\/p><p>En 2022, Centre Culturel de Libramont-Chevigny souhaite d\u00e9velopper la danse contemporaine dans la Province de Luxembourg, s&rsquo;associe avec l&rsquo;\u00e9cole de danse FLEX&rsquo; ) acteur local incontournable et cr\u00e9e \u00ab\u00a0Ballismos\u00a0\u00bb (danse en ancien grec), un laboratoire chor\u00e9graphique destin\u00e9 aux danseur.euse.s amateure.e.s confirm\u00e9.e.s. de la province.<\/p><p>\u00ab\u00a0Ballismos\u00a0\u00bb se veut \u00eatre un espace de d\u00e9veloppement artistique, ou l\u2019on rencontre l\u2019univers d\u2019un.e chor\u00e9graphe, sa vision, sa fa\u00e7on de chercher\/composer la mati\u00e8re chor\u00e9graphique. Les danseur.euse.s vont traverser un processus de cr\u00e9ation, une exp\u00e9rience humaine et corporelle sur un temps long. C\u2019est un espace exigeant et bienveillant qui laisse le temps \u00e0 chacun.e d\u2019exp\u00e9rimenter, de dig\u00e9rer, de se tromper, de douter, d\u2019insister et de trouver\/cr\u00e9er sa place dans la proposition finale qui sera rendue visible au public.<\/p><p>En 2022, c\u2019est la chor\u00e9graphe Ombline Huvelle qui a port\u00e9 le premier projet artistique <a href=\"https:\/\/www.youtube.com\/watch?v=cZkVFqCoQ-k\">Animus<\/a>.<br \/>En 2024, pour le second opus, c&rsquo;est la chor\u00e9graphe <strong>Marjorie Kellen<\/strong> &#8211; originaire de la r\u00e9gion &#8211; qui est invit\u00e9e \u00e0 cr\u00e9er une pi\u00e8ce qu&rsquo;elle nommera A COEUR, pi\u00e8ce \u00e9crite pour 10 danseuses entre 18 et 31 ans et dont la premi\u00e8re a lieu en novembre 2024.<\/p><p>Depuis, la chor\u00e9graphe recompose BATTEMENTS, une version courte de A COEUR d&rsquo;une dur\u00e9e de 20 minutes pour 5 \u00e0 6 danseuses.\u00a0<\/p>\t\t\t\t\t\t<\/div>\n\t\t\t\t<\/div>\n\t\t\t\t\t<\/div>\n\t\t<\/div>\n\t\t\t\t\t\t\t<\/div>\n\t\t<\/section>\n\t\t\t\t<section class=\"elementor-section elementor-top-section elementor-element elementor-element-34f3b4f elementor-section-boxed elementor-section-height-default elementor-section-height-default\" data-id=\"34f3b4f\" data-element_type=\"section\">\n\t\t\t\t\t\t<div class=\"elementor-container elementor-column-gap-default\">\n\t\t\t\t\t<div class=\"elementor-column elementor-col-100 elementor-top-column elementor-element elementor-element-f8e5eb7\" data-id=\"f8e5eb7\" data-element_type=\"column\">\n\t\t\t<div class=\"elementor-widget-wrap elementor-element-populated\">\n\t\t\t\t\t\t\t\t<div class=\"elementor-element elementor-element-32df5d3 elementor-widget elementor-widget-text-editor\" data-id=\"32df5d3\" data-element_type=\"widget\" data-widget_type=\"text-editor.default\">\n\t\t\t\t<div class=\"elementor-widget-container\">\n\t\t\t\t\t\t\t<h2><b>\u00c0 COEUR <br \/><\/b><\/h2><div>Unisson : son produit simultan\u00e9ment par plusieurs voix ou instruments et faisant entendre la m\u00eame fr\u00e9quence.<\/div><div>L&rsquo;individu est au centre. <br \/>Chaque corps porte sa voir, porte sa danse.<br \/>Chaque danse vient nourrir celle de l&rsquo;autre.<br \/>Ensemble, elles alimentent la fr\u00e9quence commune, les battements du coeur.<\/div><div>Un travail rythmique sur une pulsation va faire \u00e9merger diff\u00e9rentes incarnations telles que les sorci\u00e8res, les nymphes, les amazones.<\/div><div>\u00a0<\/div><div>10\u00a0danseur.eu.ses\u00a0 <\/div><div>40 minutes<\/div><p>\u00a0<\/p>\t\t\t\t\t\t<\/div>\n\t\t\t\t<\/div>\n\t\t\t\t\t<\/div>\n\t\t<\/div>\n\t\t\t\t\t\t\t<\/div>\n\t\t<\/section>\n\t\t\t\t<section class=\"elementor-section elementor-top-section elementor-element elementor-element-fa5b4eb elementor-section-boxed elementor-section-height-default elementor-section-height-default\" data-id=\"fa5b4eb\" data-element_type=\"section\">\n\t\t\t\t\t\t<div class=\"elementor-container elementor-column-gap-default\">\n\t\t\t\t\t<div class=\"elementor-column elementor-col-100 elementor-top-column elementor-element elementor-element-3dd923a\" data-id=\"3dd923a\" data-element_type=\"column\">\n\t\t\t<div class=\"elementor-widget-wrap elementor-element-populated\">\n\t\t\t\t\t\t\t\t<div class=\"elementor-element elementor-element-0de5f79 elementor-widget elementor-widget-text-editor\" data-id=\"0de5f79\" data-element_type=\"widget\" data-widget_type=\"text-editor.default\">\n\t\t\t\t<div class=\"elementor-widget-container\">\n\t\t\t\t\t\t\t<h2><b>BATTEMENTS<\/b><\/h2><p>Apr\u00e8s un temps de r\u00e9-\u00e9criture, ce satellite de A COEUR est cr\u00e9\u00e9 le 24 avril 2025 lors d&rsquo;une soir\u00e9e partag\u00e9e avec la compagnie Zonga au Centre culturel de Habay (BE).\u00a0<\/p><p>La pi\u00e8ce videnta jouer en France lors du Temps Fort Danse &amp; Musique Amateur D\u00e9partemental, les 17, 28 et 29 juin 2025 \u00e0 l&rsquo;Abbaye Royale de l&rsquo;Epau.<\/p><p>5 \u00e0 6 danseur.euse. <br \/>20 minutes<\/p>\t\t\t\t\t\t<\/div>\n\t\t\t\t<\/div>\n\t\t\t\t\t<\/div>\n\t\t<\/div>\n\t\t\t\t\t\t\t<\/div>\n\t\t<\/section>\n\t\t\t\t<section class=\"elementor-section elementor-top-section elementor-element elementor-element-8f3f366 elementor-section-boxed elementor-section-height-default elementor-section-height-default\" data-id=\"8f3f366\" data-element_type=\"section\">\n\t\t\t\t\t\t<div class=\"elementor-container elementor-column-gap-default\">\n\t\t\t\t\t<div class=\"elementor-column elementor-col-100 elementor-top-column elementor-element elementor-element-d3b070c\" data-id=\"d3b070c\" data-element_type=\"column\">\n\t\t\t<div class=\"elementor-widget-wrap elementor-element-populated\">\n\t\t\t\t\t\t\t\t<div class=\"elementor-element elementor-element-9c944b9 elementor-widget elementor-widget-text-editor\" data-id=\"9c944b9\" data-element_type=\"widget\" data-widget_type=\"text-editor.default\">\n\t\t\t\t<div class=\"elementor-widget-container\">\n\t\t\t\t\t\t\t<p>Chor\u00e9graphie : Marjorie Kellen<\/p><p>Cr\u00e9ation musicale : Denis Monjanel<\/p>\t\t\t\t\t\t<\/div>\n\t\t\t\t<\/div>\n\t\t\t\t\t<\/div>\n\t\t<\/div>\n\t\t\t\t\t\t\t<\/div>\n\t\t<\/section>\n\t\t\t\t<section class=\"elementor-section elementor-top-section elementor-element elementor-element-0c14b78 elementor-section-boxed elementor-section-height-default elementor-section-height-default\" data-id=\"0c14b78\" data-element_type=\"section\">\n\t\t\t\t\t\t<div class=\"elementor-container elementor-column-gap-default\">\n\t\t\t\t\t<div class=\"elementor-column elementor-col-50 elementor-top-column elementor-element elementor-element-91dadef\" data-id=\"91dadef\" data-element_type=\"column\">\n\t\t\t<div class=\"elementor-widget-wrap elementor-element-populated\">\n\t\t\t\t\t\t\t\t<div class=\"elementor-element elementor-element-ce5d37d elementor-widget elementor-widget-image\" data-id=\"ce5d37d\" data-element_type=\"widget\" data-widget_type=\"image.default\">\n\t\t\t\t<div class=\"elementor-widget-container\">\n\t\t\t\t\t\t\t\t\t\t\t\t\t\t\t<img decoding=\"async\" loading=\"lazy\" width=\"683\" height=\"1024\" src=\"https:\/\/www.zutanobazar.fr\/wp-content\/uploads\/2023\/12\/A_coeur_047@Patrick-Blaszczyk--683x1024.jpg\" class=\"attachment-large size-large wp-image-6706\" alt=\"\" srcset=\"https:\/\/www.zutanobazar.fr\/wp-content\/uploads\/2023\/12\/A_coeur_047@Patrick-Blaszczyk--683x1024.jpg 683w, https:\/\/www.zutanobazar.fr\/wp-content\/uploads\/2023\/12\/A_coeur_047@Patrick-Blaszczyk--200x300.jpg 200w, https:\/\/www.zutanobazar.fr\/wp-content\/uploads\/2023\/12\/A_coeur_047@Patrick-Blaszczyk--768x1152.jpg 768w, https:\/\/www.zutanobazar.fr\/wp-content\/uploads\/2023\/12\/A_coeur_047@Patrick-Blaszczyk--1024x1536.jpg 1024w, https:\/\/www.zutanobazar.fr\/wp-content\/uploads\/2023\/12\/A_coeur_047@Patrick-Blaszczyk--1365x2048.jpg 1365w, https:\/\/www.zutanobazar.fr\/wp-content\/uploads\/2023\/12\/A_coeur_047@Patrick-Blaszczyk--8x12.jpg 8w, https:\/\/www.zutanobazar.fr\/wp-content\/uploads\/2023\/12\/A_coeur_047@Patrick-Blaszczyk--scaled.jpg 1707w\" sizes=\"(max-width: 683px) 100vw, 683px\" \/>\t\t\t\t\t\t\t\t\t\t\t\t\t\t\t<\/div>\n\t\t\t\t<\/div>\n\t\t\t\t\t<\/div>\n\t\t<\/div>\n\t\t\t\t<div class=\"elementor-column elementor-col-50 elementor-top-column elementor-element elementor-element-30e0c03\" data-id=\"30e0c03\" data-element_type=\"column\">\n\t\t\t<div class=\"elementor-widget-wrap elementor-element-populated\">\n\t\t\t\t\t\t\t\t<div class=\"elementor-element elementor-element-826a912 elementor-widget elementor-widget-image\" data-id=\"826a912\" data-element_type=\"widget\" data-widget_type=\"image.default\">\n\t\t\t\t<div class=\"elementor-widget-container\">\n\t\t\t\t\t\t\t\t\t\t\t\t\t\t\t<img decoding=\"async\" loading=\"lazy\" width=\"683\" height=\"1024\" src=\"https:\/\/www.zutanobazar.fr\/wp-content\/uploads\/2023\/12\/A_coeur_Battements_012@Patrick-Blaszczyk-683x1024.jpg\" class=\"attachment-large size-large wp-image-6708\" alt=\"\" srcset=\"https:\/\/www.zutanobazar.fr\/wp-content\/uploads\/2023\/12\/A_coeur_Battements_012@Patrick-Blaszczyk-683x1024.jpg 683w, https:\/\/www.zutanobazar.fr\/wp-content\/uploads\/2023\/12\/A_coeur_Battements_012@Patrick-Blaszczyk-200x300.jpg 200w, https:\/\/www.zutanobazar.fr\/wp-content\/uploads\/2023\/12\/A_coeur_Battements_012@Patrick-Blaszczyk-768x1152.jpg 768w, https:\/\/www.zutanobazar.fr\/wp-content\/uploads\/2023\/12\/A_coeur_Battements_012@Patrick-Blaszczyk-1024x1536.jpg 1024w, https:\/\/www.zutanobazar.fr\/wp-content\/uploads\/2023\/12\/A_coeur_Battements_012@Patrick-Blaszczyk-1366x2048.jpg 1366w, https:\/\/www.zutanobazar.fr\/wp-content\/uploads\/2023\/12\/A_coeur_Battements_012@Patrick-Blaszczyk-8x12.jpg 8w, https:\/\/www.zutanobazar.fr\/wp-content\/uploads\/2023\/12\/A_coeur_Battements_012@Patrick-Blaszczyk-scaled.jpg 1707w\" sizes=\"(max-width: 683px) 100vw, 683px\" \/>\t\t\t\t\t\t\t\t\t\t\t\t\t\t\t<\/div>\n\t\t\t\t<\/div>\n\t\t\t\t\t<\/div>\n\t\t<\/div>\n\t\t\t\t\t\t\t<\/div>\n\t\t<\/section>\n\t\t\t\t\t\t\t<\/div>","protected":false},"excerpt":{"rendered":"<p>Cr\u00e9ation danse amateur de Marjorie Kellen (2024) qui sera reprise en Sarthe sur la saison 2026\/2027 !<\/p>","protected":false},"author":2,"featured_media":6707,"comment_status":"closed","ping_status":"closed","sticky":false,"template":"single-en-creation-en-diffusion.php","format":"standard","meta":{"footnotes":""},"categories":[11,16,23,19],"tags":[],"acf":[],"yoast_head":"<!-- This site is optimized with the Yoast SEO plugin v21.4 - https:\/\/yoast.com\/wordpress\/plugins\/seo\/ -->\n<title>[A COEUR] - reprise en 26\/27 en Sarthe ! - Zutano Bazar<\/title>\n<meta name=\"robots\" content=\"index, follow, max-snippet:-1, max-image-preview:large, max-video-preview:-1\" \/>\n<link rel=\"canonical\" href=\"https:\/\/www.zutanobazar.fr\/en\/a-coeur\/\" \/>\n<meta property=\"og:locale\" content=\"en_GB\" \/>\n<meta property=\"og:type\" content=\"article\" \/>\n<meta property=\"og:title\" content=\"[A COEUR] - reprise en 26\/27 en Sarthe ! - Zutano Bazar\" \/>\n<meta property=\"og:description\" content=\"Cr\u00e9ation danse amateur de Marjorie Kellen (2024) qui sera reprise en Sarthe sur la saison 2026\/2027 !\" \/>\n<meta property=\"og:url\" content=\"https:\/\/www.zutanobazar.fr\/en\/a-coeur\/\" \/>\n<meta property=\"og:site_name\" content=\"Zutano Bazar\" \/>\n<meta property=\"article:published_time\" content=\"2023-12-23T07:54:30+00:00\" \/>\n<meta property=\"article:modified_time\" content=\"2026-04-26T07:41:02+00:00\" \/>\n<meta property=\"og:image\" content=\"https:\/\/www.zutanobazar.fr\/wp-content\/uploads\/2023\/12\/A_coeur_096@Patrick-Blaszczyk--scaled.jpg\" \/>\n\t<meta property=\"og:image:width\" content=\"2560\" \/>\n\t<meta property=\"og:image:height\" content=\"1596\" \/>\n\t<meta property=\"og:image:type\" content=\"image\/jpeg\" \/>\n<meta name=\"author\" content=\"Zutano BaZar\" \/>\n<meta name=\"twitter:card\" content=\"summary_large_image\" \/>\n<meta name=\"twitter:label1\" content=\"Written by\" \/>\n\t<meta name=\"twitter:data1\" content=\"Zutano BaZar\" \/>\n\t<meta name=\"twitter:label2\" content=\"Estimated reading time\" \/>\n\t<meta name=\"twitter:data2\" content=\"3 minutes\" \/>\n<script type=\"application\/ld+json\" class=\"yoast-schema-graph\">{\"@context\":\"https:\/\/schema.org\",\"@graph\":[{\"@type\":\"Article\",\"@id\":\"https:\/\/www.zutanobazar.fr\/a-coeur\/#article\",\"isPartOf\":{\"@id\":\"https:\/\/www.zutanobazar.fr\/a-coeur\/\"},\"author\":{\"name\":\"Zutano BaZar\",\"@id\":\"https:\/\/www.zutanobazar.fr\/#\/schema\/person\/1628446dfe048f61c0cbe2a53c96ccb4\"},\"headline\":\"[A COEUR] &#8211; reprise en 26\/27 en Sarthe !\",\"datePublished\":\"2023-12-23T07:54:30+00:00\",\"dateModified\":\"2026-04-26T07:41:02+00:00\",\"mainEntityOfPage\":{\"@id\":\"https:\/\/www.zutanobazar.fr\/a-coeur\/\"},\"wordCount\":401,\"publisher\":{\"@id\":\"https:\/\/www.zutanobazar.fr\/#organization\"},\"articleSection\":[\"\u00c0 la une\",\"En pratique\",\"\u00c9v\u00e8nements \u00e0 venir\",\"Pratique amateur\"],\"inLanguage\":\"en-GB\"},{\"@type\":\"WebPage\",\"@id\":\"https:\/\/www.zutanobazar.fr\/a-coeur\/\",\"url\":\"https:\/\/www.zutanobazar.fr\/a-coeur\/\",\"name\":\"[A COEUR] - reprise en 26\/27 en Sarthe ! - Zutano Bazar\",\"isPartOf\":{\"@id\":\"https:\/\/www.zutanobazar.fr\/#website\"},\"datePublished\":\"2023-12-23T07:54:30+00:00\",\"dateModified\":\"2026-04-26T07:41:02+00:00\",\"breadcrumb\":{\"@id\":\"https:\/\/www.zutanobazar.fr\/a-coeur\/#breadcrumb\"},\"inLanguage\":\"en-GB\",\"potentialAction\":[{\"@type\":\"ReadAction\",\"target\":[\"https:\/\/www.zutanobazar.fr\/a-coeur\/\"]}]},{\"@type\":\"BreadcrumbList\",\"@id\":\"https:\/\/www.zutanobazar.fr\/a-coeur\/#breadcrumb\",\"itemListElement\":[{\"@type\":\"ListItem\",\"position\":1,\"name\":\"Accueil\",\"item\":\"https:\/\/www.zutanobazar.fr\/\"},{\"@type\":\"ListItem\",\"position\":2,\"name\":\"[A COEUR] &#8211; reprise en 26\/27 en Sarthe !\"}]},{\"@type\":\"WebSite\",\"@id\":\"https:\/\/www.zutanobazar.fr\/#website\",\"url\":\"https:\/\/www.zutanobazar.fr\/\",\"name\":\"Zutano Bazar\",\"description\":\"Plateforme pluridisciplinaire autour du geste\",\"publisher\":{\"@id\":\"https:\/\/www.zutanobazar.fr\/#organization\"},\"potentialAction\":[{\"@type\":\"SearchAction\",\"target\":{\"@type\":\"EntryPoint\",\"urlTemplate\":\"https:\/\/www.zutanobazar.fr\/?s={search_term_string}\"},\"query-input\":\"required name=search_term_string\"}],\"inLanguage\":\"en-GB\"},{\"@type\":\"Organization\",\"@id\":\"https:\/\/www.zutanobazar.fr\/#organization\",\"name\":\"Zutano BaZaR\",\"url\":\"https:\/\/www.zutanobazar.fr\/\",\"logo\":{\"@type\":\"ImageObject\",\"inLanguage\":\"en-GB\",\"@id\":\"https:\/\/www.zutanobazar.fr\/#\/schema\/logo\/image\/\",\"url\":\"https:\/\/www.zutanobazar.fr\/wp-content\/uploads\/2020\/09\/LOGO-Zutano-def_noST-300x300-1.jpg\",\"contentUrl\":\"https:\/\/www.zutanobazar.fr\/wp-content\/uploads\/2020\/09\/LOGO-Zutano-def_noST-300x300-1.jpg\",\"width\":300,\"height\":300,\"caption\":\"Zutano BaZaR\"},\"image\":{\"@id\":\"https:\/\/www.zutanobazar.fr\/#\/schema\/logo\/image\/\"}},{\"@type\":\"Person\",\"@id\":\"https:\/\/www.zutanobazar.fr\/#\/schema\/person\/1628446dfe048f61c0cbe2a53c96ccb4\",\"name\":\"Zutano BaZar\",\"image\":{\"@type\":\"ImageObject\",\"inLanguage\":\"en-GB\",\"@id\":\"https:\/\/www.zutanobazar.fr\/#\/schema\/person\/image\/\",\"url\":\"https:\/\/secure.gravatar.com\/avatar\/bb79536e8a53eb37d7a9f3a6df7faaa3?s=96&d=mm&r=g\",\"contentUrl\":\"https:\/\/secure.gravatar.com\/avatar\/bb79536e8a53eb37d7a9f3a6df7faaa3?s=96&d=mm&r=g\",\"caption\":\"Zutano BaZar\"}}]}<\/script>\n<!-- \/ Yoast SEO plugin. -->","yoast_head_json":{"title":"[A COEUR] - reprise en 26\/27 en Sarthe ! - Zutano Bazar","robots":{"index":"index","follow":"follow","max-snippet":"max-snippet:-1","max-image-preview":"max-image-preview:large","max-video-preview":"max-video-preview:-1"},"canonical":"https:\/\/www.zutanobazar.fr\/en\/a-coeur\/","og_locale":"en_GB","og_type":"article","og_title":"[A COEUR] - reprise en 26\/27 en Sarthe ! - Zutano Bazar","og_description":"Cr\u00e9ation danse amateur de Marjorie Kellen (2024) qui sera reprise en Sarthe sur la saison 2026\/2027 !","og_url":"https:\/\/www.zutanobazar.fr\/en\/a-coeur\/","og_site_name":"Zutano Bazar","article_published_time":"2023-12-23T07:54:30+00:00","article_modified_time":"2026-04-26T07:41:02+00:00","og_image":[{"width":2560,"height":1596,"url":"https:\/\/www.zutanobazar.fr\/wp-content\/uploads\/2023\/12\/A_coeur_096@Patrick-Blaszczyk--scaled.jpg","type":"image\/jpeg"}],"author":"Zutano BaZar","twitter_card":"summary_large_image","twitter_misc":{"Written by":"Zutano BaZar","Estimated reading time":"3 minutes"},"schema":{"@context":"https:\/\/schema.org","@graph":[{"@type":"Article","@id":"https:\/\/www.zutanobazar.fr\/a-coeur\/#article","isPartOf":{"@id":"https:\/\/www.zutanobazar.fr\/a-coeur\/"},"author":{"name":"Zutano BaZar","@id":"https:\/\/www.zutanobazar.fr\/#\/schema\/person\/1628446dfe048f61c0cbe2a53c96ccb4"},"headline":"[A COEUR] &#8211; reprise en 26\/27 en Sarthe !","datePublished":"2023-12-23T07:54:30+00:00","dateModified":"2026-04-26T07:41:02+00:00","mainEntityOfPage":{"@id":"https:\/\/www.zutanobazar.fr\/a-coeur\/"},"wordCount":401,"publisher":{"@id":"https:\/\/www.zutanobazar.fr\/#organization"},"articleSection":["\u00c0 la une","En pratique","\u00c9v\u00e8nements \u00e0 venir","Pratique amateur"],"inLanguage":"en-GB"},{"@type":"WebPage","@id":"https:\/\/www.zutanobazar.fr\/a-coeur\/","url":"https:\/\/www.zutanobazar.fr\/a-coeur\/","name":"[A COEUR] - reprise en 26\/27 en Sarthe ! - Zutano Bazar","isPartOf":{"@id":"https:\/\/www.zutanobazar.fr\/#website"},"datePublished":"2023-12-23T07:54:30+00:00","dateModified":"2026-04-26T07:41:02+00:00","breadcrumb":{"@id":"https:\/\/www.zutanobazar.fr\/a-coeur\/#breadcrumb"},"inLanguage":"en-GB","potentialAction":[{"@type":"ReadAction","target":["https:\/\/www.zutanobazar.fr\/a-coeur\/"]}]},{"@type":"BreadcrumbList","@id":"https:\/\/www.zutanobazar.fr\/a-coeur\/#breadcrumb","itemListElement":[{"@type":"ListItem","position":1,"name":"Accueil","item":"https:\/\/www.zutanobazar.fr\/"},{"@type":"ListItem","position":2,"name":"[A COEUR] &#8211; reprise en 26\/27 en Sarthe !"}]},{"@type":"WebSite","@id":"https:\/\/www.zutanobazar.fr\/#website","url":"https:\/\/www.zutanobazar.fr\/","name":"Zutano Bazar","description":"Plateforme pluridisciplinaire autour du geste","publisher":{"@id":"https:\/\/www.zutanobazar.fr\/#organization"},"potentialAction":[{"@type":"SearchAction","target":{"@type":"EntryPoint","urlTemplate":"https:\/\/www.zutanobazar.fr\/?s={search_term_string}"},"query-input":"required name=search_term_string"}],"inLanguage":"en-GB"},{"@type":"Organization","@id":"https:\/\/www.zutanobazar.fr\/#organization","name":"Zutano BaZaR","url":"https:\/\/www.zutanobazar.fr\/","logo":{"@type":"ImageObject","inLanguage":"en-GB","@id":"https:\/\/www.zutanobazar.fr\/#\/schema\/logo\/image\/","url":"https:\/\/www.zutanobazar.fr\/wp-content\/uploads\/2020\/09\/LOGO-Zutano-def_noST-300x300-1.jpg","contentUrl":"https:\/\/www.zutanobazar.fr\/wp-content\/uploads\/2020\/09\/LOGO-Zutano-def_noST-300x300-1.jpg","width":300,"height":300,"caption":"Zutano BaZaR"},"image":{"@id":"https:\/\/www.zutanobazar.fr\/#\/schema\/logo\/image\/"}},{"@type":"Person","@id":"https:\/\/www.zutanobazar.fr\/#\/schema\/person\/1628446dfe048f61c0cbe2a53c96ccb4","name":"Zutano BaZar","image":{"@type":"ImageObject","inLanguage":"en-GB","@id":"https:\/\/www.zutanobazar.fr\/#\/schema\/person\/image\/","url":"https:\/\/secure.gravatar.com\/avatar\/bb79536e8a53eb37d7a9f3a6df7faaa3?s=96&d=mm&r=g","contentUrl":"https:\/\/secure.gravatar.com\/avatar\/bb79536e8a53eb37d7a9f3a6df7faaa3?s=96&d=mm&r=g","caption":"Zutano BaZar"}}]}},"_links":{"self":[{"href":"https:\/\/www.zutanobazar.fr\/en\/wp-json\/wp\/v2\/posts\/5534"}],"collection":[{"href":"https:\/\/www.zutanobazar.fr\/en\/wp-json\/wp\/v2\/posts"}],"about":[{"href":"https:\/\/www.zutanobazar.fr\/en\/wp-json\/wp\/v2\/types\/post"}],"author":[{"embeddable":true,"href":"https:\/\/www.zutanobazar.fr\/en\/wp-json\/wp\/v2\/users\/2"}],"replies":[{"embeddable":true,"href":"https:\/\/www.zutanobazar.fr\/en\/wp-json\/wp\/v2\/comments?post=5534"}],"version-history":[{"count":70,"href":"https:\/\/www.zutanobazar.fr\/en\/wp-json\/wp\/v2\/posts\/5534\/revisions"}],"predecessor-version":[{"id":7277,"href":"https:\/\/www.zutanobazar.fr\/en\/wp-json\/wp\/v2\/posts\/5534\/revisions\/7277"}],"wp:featuredmedia":[{"embeddable":true,"href":"https:\/\/www.zutanobazar.fr\/en\/wp-json\/wp\/v2\/media\/6707"}],"wp:attachment":[{"href":"https:\/\/www.zutanobazar.fr\/en\/wp-json\/wp\/v2\/media?parent=5534"}],"wp:term":[{"taxonomy":"category","embeddable":true,"href":"https:\/\/www.zutanobazar.fr\/en\/wp-json\/wp\/v2\/categories?post=5534"},{"taxonomy":"post_tag","embeddable":true,"href":"https:\/\/www.zutanobazar.fr\/en\/wp-json\/wp\/v2\/tags?post=5534"}],"curies":[{"name":"wp","href":"https:\/\/api.w.org\/{rel}","templated":true}]}}